{"id":2514,"date":"2021-06-28T11:46:37","date_gmt":"2021-06-28T17:46:37","guid":{"rendered":"https:\/\/intranet.hhm.gob.do\/?post_type=news&#038;p=2514"},"modified":"2021-06-28T11:47:04","modified_gmt":"2021-06-28T17:47:04","slug":"hospital-hugo-mendoza-inicia-vacunacion-contra-la-covid-19-para-adolescentes-de-12-17-anos","status":"publish","type":"news","link":"https:\/\/intranet.hhm.gob.do\/es\/news\/hospital-hugo-mendoza-inicia-vacunacion-contra-la-covid-19-para-adolescentes-de-12-17-anos\/","title":{"rendered":"Hospital Hugo Mendoza inicia vacunaci\u00f3n contra la covid-19 para adolescentes de 12-17 a\u00f1os"},"content":{"rendered":"<p style=\"text-align: justify;\"><img loading=\"lazy\" decoding=\"async\" class=\"size-medium wp-image-16268 alignright\" src=\"http:\/\/hospitalhugomendoza.gob.do\/wp-content\/uploads\/2021\/06\/DSC_0270-300x200.jpg\" alt=\"\" width=\"300\" height=\"200\" \/>Santo Domingo Norte.- Con la finalidad de inocular a la poblaci\u00f3n adolescente y contrarrestar los efectos de la covid-19, el Hospital Pedi\u00e1trico Dr. Hugo Mendoza inici\u00f3 este lunes el proceso de vacunaci\u00f3n al grupo poblacional comprendido entre los 12 y 17 a\u00f1os.<\/p>\n<p style=\"text-align: justify;\">La directora general del centro de salud pedi\u00e1trico, doctora Dhamelisse Then Vanderhorst, exhort\u00f3 a los padres, madres y tutores a que traigan sus hijos a vacunar.<\/p>\n<p style=\"text-align: justify;\">La doctora Then afirm\u00f3 que esta es una vacuna segura que est\u00e1 demostrada con ensayos cl\u00ednicos en este grupo de edad en todo el mundo y que se puede colocar de forma confiable en los ni\u00f1os a partir de los 12 a\u00f1os de edad.<\/p>\n<p style=\"text-align: justify;\">\u201cEsto es un paso muy importante que estamos dando en la comunidad de Santo Domingo Norte, la disposici\u00f3n de esta vacuna. Con esto disminuimos la diseminaci\u00f3n de esta enfermedad. Los ni\u00f1os y adolescentes pueden padecer la enfermedad y tienen la capacidad de expandirla. Nosotros como padres responsables debemos traer a nuestros adolescentes a recibir la vacuna\u201d, agreg\u00f3.<\/p>\n<p style=\"text-align: justify;\">El tipo de vacuna que se estar\u00e1 aplicando es la Pfizer. Se habilit\u00f3 un \u00e1rea especial en el primer nivel. El horario ser\u00e1 de lunes a viernes, a partir de las 8:00 a.m. y hasta las 2:30 p.m.<\/p>\n<p style=\"text-align: justify;\"><img loading=\"lazy\" decoding=\"async\" class=\"size-medium wp-image-16270 alignleft\" src=\"http:\/\/hospitalhugomendoza.gob.do\/wp-content\/uploads\/2021\/06\/DSC_0327-297x300.jpg\" alt=\"\" width=\"297\" height=\"300\" \/>Con el registro de los vacunados, el Centro de Investigaci\u00f3n HPHM realizar\u00e1 una base de datos para dar seguimiento cercano a los pacientes que ya han recibido la vacuna, y monitorear su seguimiento post vacuna para estudios de investigaci\u00f3n.<\/p>\n<p style=\"text-align: justify;\">La actividad cont\u00f3 adem\u00e1s con la presencia del director del \u00c1rea III de Salud, Dr. Nathanael Garc\u00eda, el doctor Miguel \u00c1ngel Guzm\u00e1n Ferm\u00edn, gerente de \u00c1rea de Salud de Santo Domingo Norte; ejecutivos del HPHM, gerentes m\u00e9dicos, personal de Salud del \u00c1rea III y varios padres con sus hijos que se dispon\u00edan a recibir la primera dosis de la vacuna Pfizer.<\/p>","protected":false},"excerpt":{"rendered":"<p>Santo Domingo Norte.- Con la finalidad de inocular a la poblaci\u00f3n adolescente y contrarrestar los efectos de la covid-19, el Hospital Pedi\u00e1trico Dr. Hugo Mendoza inici\u00f3 este lunes el proceso de vacunaci\u00f3n al grupo poblacional comprendido entre los 12 y 17 a\u00f1os.<\/p>","protected":false},"author":1,"featured_media":2515,"comment_status":"open","ping_status":"closed","template":"","tags":[],"news-category":[70],"class_list":{"0":"post-2514","1":"news","2":"type-news","3":"status-publish","4":"has-post-thumbnail","6":"news-category-noticias"},"yoast_head":"<!-- This site is optimized with the Yoast SEO plugin v24.9 - https:\/\/yoast.com\/wordpress\/plugins\/seo\/ -->\n<title>Hospital Hugo Mendoza inicia vacunaci\u00f3n contra la covid-19 para adolescentes de 12-17 a\u00f1os - Intranet<\/title>\n<meta name=\"robots\" content=\"index, follow, max-snippet:-1, max-image-preview:large, max-video-preview:-1\" \/>\n<link rel=\"canonical\" href=\"https:\/\/intranet.hhm.gob.do\/es\/news\/hospital-hugo-mendoza-inicia-vacunacion-contra-la-covid-19-para-adolescentes-de-12-17-anos\/\" \/>\n<meta property=\"og:locale\" content=\"es_ES\" \/>\n<meta property=\"og:type\" content=\"article\" \/>\n<meta property=\"og:title\" content=\"Hospital Hugo Mendoza inicia vacunaci\u00f3n contra la covid-19 para adolescentes de 12-17 a\u00f1os - Intranet\" \/>\n<meta property=\"og:description\" content=\"Santo Domingo Norte.- Con la finalidad de inocular a la poblaci\u00f3n adolescente y contrarrestar los efectos de la covid-19, el Hospital Pedi\u00e1trico Dr. Hugo Mendoza inici\u00f3 este lunes el proceso de vacunaci\u00f3n al grupo poblacional comprendido entre los 12 y 17 a\u00f1os.\" \/>\n<meta property=\"og:url\" content=\"https:\/\/intranet.hhm.gob.do\/es\/news\/hospital-hugo-mendoza-inicia-vacunacion-contra-la-covid-19-para-adolescentes-de-12-17-anos\/\" \/>\n<meta property=\"og:site_name\" content=\"Intranet\" \/>\n<meta property=\"article:modified_time\" content=\"2021-06-28T17:47:04+00:00\" \/>\n<meta property=\"og:image\" content=\"https:\/\/intranet.hhm.gob.do\/wp-content\/uploads\/2021\/06\/DSC_0276.jpg\" \/>\n\t<meta property=\"og:image:width\" content=\"1920\" \/>\n\t<meta property=\"og:image:height\" content=\"1280\" \/>\n\t<meta property=\"og:image:type\" content=\"image\/jpeg\" \/>\n<meta name=\"twitter:card\" content=\"summary_large_image\" \/>\n<meta name=\"twitter:label1\" content=\"Tiempo de lectura\" \/>\n\t<meta name=\"twitter:data1\" content=\"2 minutes\" \/>\n<script type=\"application\/ld+json\" class=\"yoast-schema-graph\">{\"@context\":\"https:\/\/schema.org\",\"@graph\":[{\"@type\":\"WebPage\",\"@id\":\"https:\/\/intranet.hhm.gob.do\/news\/hospital-hugo-mendoza-inicia-vacunacion-contra-la-covid-19-para-adolescentes-de-12-17-anos\/\",\"url\":\"https:\/\/intranet.hhm.gob.do\/news\/hospital-hugo-mendoza-inicia-vacunacion-contra-la-covid-19-para-adolescentes-de-12-17-anos\/\",\"name\":\"Hospital Hugo Mendoza inicia vacunaci\u00f3n contra la covid-19 para adolescentes de 12-17 a\u00f1os - Intranet\",\"isPartOf\":{\"@id\":\"https:\/\/intranet.hhm.gob.do\/#website\"},\"primaryImageOfPage\":{\"@id\":\"https:\/\/intranet.hhm.gob.do\/news\/hospital-hugo-mendoza-inicia-vacunacion-contra-la-covid-19-para-adolescentes-de-12-17-anos\/#primaryimage\"},\"image\":{\"@id\":\"https:\/\/intranet.hhm.gob.do\/news\/hospital-hugo-mendoza-inicia-vacunacion-contra-la-covid-19-para-adolescentes-de-12-17-anos\/#primaryimage\"},\"thumbnailUrl\":\"https:\/\/intranet.hhm.gob.do\/wp-content\/uploads\/2021\/06\/DSC_0276.jpg\",\"datePublished\":\"2021-06-28T17:46:37+00:00\",\"dateModified\":\"2021-06-28T17:47:04+00:00\",\"breadcrumb\":{\"@id\":\"https:\/\/intranet.hhm.gob.do\/news\/hospital-hugo-mendoza-inicia-vacunacion-contra-la-covid-19-para-adolescentes-de-12-17-anos\/#breadcrumb\"},\"inLanguage\":\"es-ES\",\"potentialAction\":[{\"@type\":\"ReadAction\",\"target\":[\"https:\/\/intranet.hhm.gob.do\/news\/hospital-hugo-mendoza-inicia-vacunacion-contra-la-covid-19-para-adolescentes-de-12-17-anos\/\"]}]},{\"@type\":\"ImageObject\",\"inLanguage\":\"es-ES\",\"@id\":\"https:\/\/intranet.hhm.gob.do\/news\/hospital-hugo-mendoza-inicia-vacunacion-contra-la-covid-19-para-adolescentes-de-12-17-anos\/#primaryimage\",\"url\":\"https:\/\/intranet.hhm.gob.do\/wp-content\/uploads\/2021\/06\/DSC_0276.jpg\",\"contentUrl\":\"https:\/\/intranet.hhm.gob.do\/wp-content\/uploads\/2021\/06\/DSC_0276.jpg\",\"width\":1920,\"height\":1280},{\"@type\":\"BreadcrumbList\",\"@id\":\"https:\/\/intranet.hhm.gob.do\/news\/hospital-hugo-mendoza-inicia-vacunacion-contra-la-covid-19-para-adolescentes-de-12-17-anos\/#breadcrumb\",\"itemListElement\":[{\"@type\":\"ListItem\",\"position\":1,\"name\":\"Portada\",\"item\":\"https:\/\/intranet.hhm.gob.do\/\"},{\"@type\":\"ListItem\",\"position\":2,\"name\":\"News\",\"item\":\"https:\/\/intranet.hhm.gob.do\/news\/\"},{\"@type\":\"ListItem\",\"position\":3,\"name\":\"Hospital Hugo Mendoza inicia vacunaci\u00f3n contra la covid-19 para adolescentes de 12-17 a\u00f1os\"}]},{\"@type\":\"WebSite\",\"@id\":\"https:\/\/intranet.hhm.gob.do\/#website\",\"url\":\"https:\/\/intranet.hhm.gob.do\/\",\"name\":\"Intranet\",\"description\":\"Hospital Pediatrico Dr. Hugo Mendoza\",\"potentialAction\":[{\"@type\":\"SearchAction\",\"target\":{\"@type\":\"EntryPoint\",\"urlTemplate\":\"https:\/\/intranet.hhm.gob.do\/?s={search_term_string}\"},\"query-input\":{\"@type\":\"PropertyValueSpecification\",\"valueRequired\":true,\"valueName\":\"search_term_string\"}}],\"inLanguage\":\"es-ES\"}]}<\/script>\n<!-- \/ Yoast SEO plugin. -->","yoast_head_json":{"title":"Hospital Hugo Mendoza inicia vacunaci\u00f3n contra la covid-19 para adolescentes de 12-17 a\u00f1os - Intranet","robots":{"index":"index","follow":"follow","max-snippet":"max-snippet:-1","max-image-preview":"max-image-preview:large","max-video-preview":"max-video-preview:-1"},"canonical":"https:\/\/intranet.hhm.gob.do\/es\/news\/hospital-hugo-mendoza-inicia-vacunacion-contra-la-covid-19-para-adolescentes-de-12-17-anos\/","og_locale":"es_ES","og_type":"article","og_title":"Hospital Hugo Mendoza inicia vacunaci\u00f3n contra la covid-19 para adolescentes de 12-17 a\u00f1os - Intranet","og_description":"Santo Domingo Norte.- Con la finalidad de inocular a la poblaci\u00f3n adolescente y contrarrestar los efectos de la covid-19, el Hospital Pedi\u00e1trico Dr. Hugo Mendoza inici\u00f3 este lunes el proceso de vacunaci\u00f3n al grupo poblacional comprendido entre los 12 y 17 a\u00f1os.","og_url":"https:\/\/intranet.hhm.gob.do\/es\/news\/hospital-hugo-mendoza-inicia-vacunacion-contra-la-covid-19-para-adolescentes-de-12-17-anos\/","og_site_name":"Intranet","article_modified_time":"2021-06-28T17:47:04+00:00","og_image":[{"width":1920,"height":1280,"url":"https:\/\/intranet.hhm.gob.do\/wp-content\/uploads\/2021\/06\/DSC_0276.jpg","type":"image\/jpeg"}],"twitter_card":"summary_large_image","twitter_misc":{"Tiempo de lectura":"2 minutes"},"schema":{"@context":"https:\/\/schema.org","@graph":[{"@type":"WebPage","@id":"https:\/\/intranet.hhm.gob.do\/news\/hospital-hugo-mendoza-inicia-vacunacion-contra-la-covid-19-para-adolescentes-de-12-17-anos\/","url":"https:\/\/intranet.hhm.gob.do\/news\/hospital-hugo-mendoza-inicia-vacunacion-contra-la-covid-19-para-adolescentes-de-12-17-anos\/","name":"Hospital Hugo Mendoza inicia vacunaci\u00f3n contra la covid-19 para adolescentes de 12-17 a\u00f1os - Intranet","isPartOf":{"@id":"https:\/\/intranet.hhm.gob.do\/#website"},"primaryImageOfPage":{"@id":"https:\/\/intranet.hhm.gob.do\/news\/hospital-hugo-mendoza-inicia-vacunacion-contra-la-covid-19-para-adolescentes-de-12-17-anos\/#primaryimage"},"image":{"@id":"https:\/\/intranet.hhm.gob.do\/news\/hospital-hugo-mendoza-inicia-vacunacion-contra-la-covid-19-para-adolescentes-de-12-17-anos\/#primaryimage"},"thumbnailUrl":"https:\/\/intranet.hhm.gob.do\/wp-content\/uploads\/2021\/06\/DSC_0276.jpg","datePublished":"2021-06-28T17:46:37+00:00","dateModified":"2021-06-28T17:47:04+00:00","breadcrumb":{"@id":"https:\/\/intranet.hhm.gob.do\/news\/hospital-hugo-mendoza-inicia-vacunacion-contra-la-covid-19-para-adolescentes-de-12-17-anos\/#breadcrumb"},"inLanguage":"es-ES","potentialAction":[{"@type":"ReadAction","target":["https:\/\/intranet.hhm.gob.do\/news\/hospital-hugo-mendoza-inicia-vacunacion-contra-la-covid-19-para-adolescentes-de-12-17-anos\/"]}]},{"@type":"ImageObject","inLanguage":"es-ES","@id":"https:\/\/intranet.hhm.gob.do\/news\/hospital-hugo-mendoza-inicia-vacunacion-contra-la-covid-19-para-adolescentes-de-12-17-anos\/#primaryimage","url":"https:\/\/intranet.hhm.gob.do\/wp-content\/uploads\/2021\/06\/DSC_0276.jpg","contentUrl":"https:\/\/intranet.hhm.gob.do\/wp-content\/uploads\/2021\/06\/DSC_0276.jpg","width":1920,"height":1280},{"@type":"BreadcrumbList","@id":"https:\/\/intranet.hhm.gob.do\/news\/hospital-hugo-mendoza-inicia-vacunacion-contra-la-covid-19-para-adolescentes-de-12-17-anos\/#breadcrumb","itemListElement":[{"@type":"ListItem","position":1,"name":"Portada","item":"https:\/\/intranet.hhm.gob.do\/"},{"@type":"ListItem","position":2,"name":"News","item":"https:\/\/intranet.hhm.gob.do\/news\/"},{"@type":"ListItem","position":3,"name":"Hospital Hugo Mendoza inicia vacunaci\u00f3n contra la covid-19 para adolescentes de 12-17 a\u00f1os"}]},{"@type":"WebSite","@id":"https:\/\/intranet.hhm.gob.do\/#website","url":"https:\/\/intranet.hhm.gob.do\/","name":"Intranet","description":"Hospital Pediatrico Dr. Hugo Mendoza","potentialAction":[{"@type":"SearchAction","target":{"@type":"EntryPoint","urlTemplate":"https:\/\/intranet.hhm.gob.do\/?s={search_term_string}"},"query-input":{"@type":"PropertyValueSpecification","valueRequired":true,"valueName":"search_term_string"}}],"inLanguage":"es-ES"}]}},"_links":{"self":[{"href":"https:\/\/intranet.hhm.gob.do\/es\/wp-json\/wp\/v2\/news\/2514","targetHints":{"allow":["GET"]}}],"collection":[{"href":"https:\/\/intranet.hhm.gob.do\/es\/wp-json\/wp\/v2\/news"}],"about":[{"href":"https:\/\/intranet.hhm.gob.do\/es\/wp-json\/wp\/v2\/types\/news"}],"author":[{"embeddable":true,"href":"https:\/\/intranet.hhm.gob.do\/es\/wp-json\/wp\/v2\/users\/1"}],"replies":[{"embeddable":true,"href":"https:\/\/intranet.hhm.gob.do\/es\/wp-json\/wp\/v2\/comments?post=2514"}],"version-history":[{"count":0,"href":"https:\/\/intranet.hhm.gob.do\/es\/wp-json\/wp\/v2\/news\/2514\/revisions"}],"wp:featuredmedia":[{"embeddable":true,"href":"https:\/\/intranet.hhm.gob.do\/es\/wp-json\/wp\/v2\/media\/2515"}],"wp:attachment":[{"href":"https:\/\/intranet.hhm.gob.do\/es\/wp-json\/wp\/v2\/media?parent=2514"}],"wp:term":[{"taxonomy":"post_tag","embeddable":true,"href":"https:\/\/intranet.hhm.gob.do\/es\/wp-json\/wp\/v2\/tags?post=2514"},{"taxonomy":"news-category","embeddable":true,"href":"https:\/\/intranet.hhm.gob.do\/es\/wp-json\/wp\/v2\/news-category?post=2514"}],"curies":[{"name":"wp","href":"https:\/\/api.w.org\/{rel}","templated":true}]}}