{"id":2517,"date":"2021-07-02T16:34:31","date_gmt":"2021-07-02T22:34:31","guid":{"rendered":"https:\/\/intranet.hhm.gob.do\/?post_type=news&#038;p=2517"},"modified":"2021-07-02T16:35:28","modified_gmt":"2021-07-02T22:35:28","slug":"hospital-hugo-mendoza-activa-su-comite-de-emergencias-por-eventual-paso-del-huracan-elsa","status":"publish","type":"news","link":"https:\/\/intranet.hhm.gob.do\/es\/news\/hospital-hugo-mendoza-activa-su-comite-de-emergencias-por-eventual-paso-del-huracan-elsa\/","title":{"rendered":"Hospital Hugo Mendoza activa su comit\u00e9 de Emergencias por eventual paso del hurac\u00e1n Elsa"},"content":{"rendered":"<p style=\"text-align: justify;\">Santo Domingo Norte.- Ante el aviso de condiciones de hurac\u00e1n, seg\u00fan el informe de la oficina Nacional de Meteorolog\u00eda (Onamet), el Hospital Pedi\u00e1trico Dr. Hugo Mendoza (HPHM) activ\u00f3 su Comit\u00e9 hospitalario de Emergencias.<\/p>\n<p style=\"text-align: justify;\"><img loading=\"lazy\" decoding=\"async\" class=\"size-medium wp-image-16276 alignright\" src=\"http:\/\/hospitalhugomendoza.gob.do\/wp-content\/uploads\/2021\/07\/comite-de-emergencia2021-300x200.jpg\" alt=\"\" width=\"300\" height=\"200\" \/>La directora general del HPHM, doctora Dhamelisse Then Vanderhorst, pas\u00f3 balance a las distintas \u00e1reas para garantizar el abastecimiento de alimentos, medicamentos e insumos m\u00e9dicos, as\u00ed como del personal m\u00e9dico y de apoyo a la salud para ofrecer respuestas ante cualquier eventualidad que se presente.<\/p>\n<p style=\"text-align: justify;\">En el encuentro estuvieron presentes las subdirecciones M\u00e9dica, Financiera, Planificaci\u00f3n y Servicios Generales; adem\u00e1s las gerencias de Farmacia, Almac\u00e9n Compras, Unidad de Terapia Intensiva Neonatal, Laboratorio Cl\u00ednico, Anestesiolog\u00eda, Comunicaciones y Relaciones P\u00fablicas, Enfermer\u00eda, Traumatolog\u00eda, Epidemiolog\u00eda, Im\u00e1genes y Atenci\u00f3n al Usuario.<\/p>","protected":false},"excerpt":{"rendered":"<p>Santo Domingo Norte.- Ante el aviso de condiciones de hurac\u00e1n, seg\u00fan el informe de la oficina Nacional de Meteorolog\u00eda (Onamet), el Hospital Pedi\u00e1trico Dr. Hugo Mendoza (HPHM) activ\u00f3 su Comit\u00e9 hospitalario de Emergencias.<\/p>","protected":false},"author":1,"featured_media":2461,"comment_status":"open","ping_status":"closed","template":"","tags":[],"news-category":[70],"class_list":{"0":"post-2517","1":"news","2":"type-news","3":"status-publish","4":"has-post-thumbnail","6":"news-category-noticias"},"yoast_head":"<!-- This site is optimized with the Yoast SEO plugin v24.9 - https:\/\/yoast.com\/wordpress\/plugins\/seo\/ -->\n<title>Hospital Hugo Mendoza activa su comit\u00e9 de Emergencias por eventual paso del hurac\u00e1n Elsa - Intranet<\/title>\n<meta name=\"robots\" content=\"index, follow, max-snippet:-1, max-image-preview:large, max-video-preview:-1\" \/>\n<link rel=\"canonical\" href=\"https:\/\/intranet.hhm.gob.do\/es\/news\/hospital-hugo-mendoza-activa-su-comite-de-emergencias-por-eventual-paso-del-huracan-elsa\/\" \/>\n<meta property=\"og:locale\" content=\"es_ES\" \/>\n<meta property=\"og:type\" content=\"article\" \/>\n<meta property=\"og:title\" content=\"Hospital Hugo Mendoza activa su comit\u00e9 de Emergencias por eventual paso del hurac\u00e1n Elsa - Intranet\" \/>\n<meta property=\"og:description\" content=\"Santo Domingo Norte.- Ante el aviso de condiciones de hurac\u00e1n, seg\u00fan el informe de la oficina Nacional de Meteorolog\u00eda (Onamet), el Hospital Pedi\u00e1trico Dr. Hugo Mendoza (HPHM) activ\u00f3 su Comit\u00e9 hospitalario de Emergencias.\" \/>\n<meta property=\"og:url\" content=\"https:\/\/intranet.hhm.gob.do\/es\/news\/hospital-hugo-mendoza-activa-su-comite-de-emergencias-por-eventual-paso-del-huracan-elsa\/\" \/>\n<meta property=\"og:site_name\" content=\"Intranet\" \/>\n<meta property=\"article:modified_time\" content=\"2021-07-02T22:35:28+00:00\" \/>\n<meta property=\"og:image\" content=\"https:\/\/intranet.hhm.gob.do\/wp-content\/uploads\/2021\/05\/Hospital-fachada-2.jpg\" \/>\n\t<meta property=\"og:image:width\" content=\"1250\" \/>\n\t<meta property=\"og:image:height\" content=\"581\" \/>\n\t<meta property=\"og:image:type\" content=\"image\/jpeg\" \/>\n<meta name=\"twitter:card\" content=\"summary_large_image\" \/>\n<meta name=\"twitter:label1\" content=\"Tiempo de lectura\" \/>\n\t<meta name=\"twitter:data1\" content=\"1 minute\" \/>\n<script type=\"application\/ld+json\" class=\"yoast-schema-graph\">{\"@context\":\"https:\/\/schema.org\",\"@graph\":[{\"@type\":\"WebPage\",\"@id\":\"https:\/\/intranet.hhm.gob.do\/news\/hospital-hugo-mendoza-activa-su-comite-de-emergencias-por-eventual-paso-del-huracan-elsa\/\",\"url\":\"https:\/\/intranet.hhm.gob.do\/news\/hospital-hugo-mendoza-activa-su-comite-de-emergencias-por-eventual-paso-del-huracan-elsa\/\",\"name\":\"Hospital Hugo Mendoza activa su comit\u00e9 de Emergencias por eventual paso del hurac\u00e1n Elsa - Intranet\",\"isPartOf\":{\"@id\":\"https:\/\/intranet.hhm.gob.do\/#website\"},\"primaryImageOfPage\":{\"@id\":\"https:\/\/intranet.hhm.gob.do\/news\/hospital-hugo-mendoza-activa-su-comite-de-emergencias-por-eventual-paso-del-huracan-elsa\/#primaryimage\"},\"image\":{\"@id\":\"https:\/\/intranet.hhm.gob.do\/news\/hospital-hugo-mendoza-activa-su-comite-de-emergencias-por-eventual-paso-del-huracan-elsa\/#primaryimage\"},\"thumbnailUrl\":\"https:\/\/intranet.hhm.gob.do\/wp-content\/uploads\/2021\/05\/Hospital-fachada-2.jpg\",\"datePublished\":\"2021-07-02T22:34:31+00:00\",\"dateModified\":\"2021-07-02T22:35:28+00:00\",\"breadcrumb\":{\"@id\":\"https:\/\/intranet.hhm.gob.do\/news\/hospital-hugo-mendoza-activa-su-comite-de-emergencias-por-eventual-paso-del-huracan-elsa\/#breadcrumb\"},\"inLanguage\":\"es-ES\",\"potentialAction\":[{\"@type\":\"ReadAction\",\"target\":[\"https:\/\/intranet.hhm.gob.do\/news\/hospital-hugo-mendoza-activa-su-comite-de-emergencias-por-eventual-paso-del-huracan-elsa\/\"]}]},{\"@type\":\"ImageObject\",\"inLanguage\":\"es-ES\",\"@id\":\"https:\/\/intranet.hhm.gob.do\/news\/hospital-hugo-mendoza-activa-su-comite-de-emergencias-por-eventual-paso-del-huracan-elsa\/#primaryimage\",\"url\":\"https:\/\/intranet.hhm.gob.do\/wp-content\/uploads\/2021\/05\/Hospital-fachada-2.jpg\",\"contentUrl\":\"https:\/\/intranet.hhm.gob.do\/wp-content\/uploads\/2021\/05\/Hospital-fachada-2.jpg\",\"width\":1250,\"height\":581},{\"@type\":\"BreadcrumbList\",\"@id\":\"https:\/\/intranet.hhm.gob.do\/news\/hospital-hugo-mendoza-activa-su-comite-de-emergencias-por-eventual-paso-del-huracan-elsa\/#breadcrumb\",\"itemListElement\":[{\"@type\":\"ListItem\",\"position\":1,\"name\":\"Portada\",\"item\":\"https:\/\/intranet.hhm.gob.do\/\"},{\"@type\":\"ListItem\",\"position\":2,\"name\":\"News\",\"item\":\"https:\/\/intranet.hhm.gob.do\/news\/\"},{\"@type\":\"ListItem\",\"position\":3,\"name\":\"Hospital Hugo Mendoza activa su comit\u00e9 de Emergencias por eventual paso del hurac\u00e1n Elsa\"}]},{\"@type\":\"WebSite\",\"@id\":\"https:\/\/intranet.hhm.gob.do\/#website\",\"url\":\"https:\/\/intranet.hhm.gob.do\/\",\"name\":\"Intranet\",\"description\":\"Hospital Pediatrico Dr. Hugo Mendoza\",\"potentialAction\":[{\"@type\":\"SearchAction\",\"target\":{\"@type\":\"EntryPoint\",\"urlTemplate\":\"https:\/\/intranet.hhm.gob.do\/?s={search_term_string}\"},\"query-input\":{\"@type\":\"PropertyValueSpecification\",\"valueRequired\":true,\"valueName\":\"search_term_string\"}}],\"inLanguage\":\"es-ES\"}]}<\/script>\n<!-- \/ Yoast SEO plugin. -->","yoast_head_json":{"title":"Hospital Hugo Mendoza activa su comit\u00e9 de Emergencias por eventual paso del hurac\u00e1n Elsa - Intranet","robots":{"index":"index","follow":"follow","max-snippet":"max-snippet:-1","max-image-preview":"max-image-preview:large","max-video-preview":"max-video-preview:-1"},"canonical":"https:\/\/intranet.hhm.gob.do\/es\/news\/hospital-hugo-mendoza-activa-su-comite-de-emergencias-por-eventual-paso-del-huracan-elsa\/","og_locale":"es_ES","og_type":"article","og_title":"Hospital Hugo Mendoza activa su comit\u00e9 de Emergencias por eventual paso del hurac\u00e1n Elsa - Intranet","og_description":"Santo Domingo Norte.- Ante el aviso de condiciones de hurac\u00e1n, seg\u00fan el informe de la oficina Nacional de Meteorolog\u00eda (Onamet), el Hospital Pedi\u00e1trico Dr. Hugo Mendoza (HPHM) activ\u00f3 su Comit\u00e9 hospitalario de Emergencias.","og_url":"https:\/\/intranet.hhm.gob.do\/es\/news\/hospital-hugo-mendoza-activa-su-comite-de-emergencias-por-eventual-paso-del-huracan-elsa\/","og_site_name":"Intranet","article_modified_time":"2021-07-02T22:35:28+00:00","og_image":[{"width":1250,"height":581,"url":"https:\/\/intranet.hhm.gob.do\/wp-content\/uploads\/2021\/05\/Hospital-fachada-2.jpg","type":"image\/jpeg"}],"twitter_card":"summary_large_image","twitter_misc":{"Tiempo de lectura":"1 minute"},"schema":{"@context":"https:\/\/schema.org","@graph":[{"@type":"WebPage","@id":"https:\/\/intranet.hhm.gob.do\/news\/hospital-hugo-mendoza-activa-su-comite-de-emergencias-por-eventual-paso-del-huracan-elsa\/","url":"https:\/\/intranet.hhm.gob.do\/news\/hospital-hugo-mendoza-activa-su-comite-de-emergencias-por-eventual-paso-del-huracan-elsa\/","name":"Hospital Hugo Mendoza activa su comit\u00e9 de Emergencias por eventual paso del hurac\u00e1n Elsa - Intranet","isPartOf":{"@id":"https:\/\/intranet.hhm.gob.do\/#website"},"primaryImageOfPage":{"@id":"https:\/\/intranet.hhm.gob.do\/news\/hospital-hugo-mendoza-activa-su-comite-de-emergencias-por-eventual-paso-del-huracan-elsa\/#primaryimage"},"image":{"@id":"https:\/\/intranet.hhm.gob.do\/news\/hospital-hugo-mendoza-activa-su-comite-de-emergencias-por-eventual-paso-del-huracan-elsa\/#primaryimage"},"thumbnailUrl":"https:\/\/intranet.hhm.gob.do\/wp-content\/uploads\/2021\/05\/Hospital-fachada-2.jpg","datePublished":"2021-07-02T22:34:31+00:00","dateModified":"2021-07-02T22:35:28+00:00","breadcrumb":{"@id":"https:\/\/intranet.hhm.gob.do\/news\/hospital-hugo-mendoza-activa-su-comite-de-emergencias-por-eventual-paso-del-huracan-elsa\/#breadcrumb"},"inLanguage":"es-ES","potentialAction":[{"@type":"ReadAction","target":["https:\/\/intranet.hhm.gob.do\/news\/hospital-hugo-mendoza-activa-su-comite-de-emergencias-por-eventual-paso-del-huracan-elsa\/"]}]},{"@type":"ImageObject","inLanguage":"es-ES","@id":"https:\/\/intranet.hhm.gob.do\/news\/hospital-hugo-mendoza-activa-su-comite-de-emergencias-por-eventual-paso-del-huracan-elsa\/#primaryimage","url":"https:\/\/intranet.hhm.gob.do\/wp-content\/uploads\/2021\/05\/Hospital-fachada-2.jpg","contentUrl":"https:\/\/intranet.hhm.gob.do\/wp-content\/uploads\/2021\/05\/Hospital-fachada-2.jpg","width":1250,"height":581},{"@type":"BreadcrumbList","@id":"https:\/\/intranet.hhm.gob.do\/news\/hospital-hugo-mendoza-activa-su-comite-de-emergencias-por-eventual-paso-del-huracan-elsa\/#breadcrumb","itemListElement":[{"@type":"ListItem","position":1,"name":"Portada","item":"https:\/\/intranet.hhm.gob.do\/"},{"@type":"ListItem","position":2,"name":"News","item":"https:\/\/intranet.hhm.gob.do\/news\/"},{"@type":"ListItem","position":3,"name":"Hospital Hugo Mendoza activa su comit\u00e9 de Emergencias por eventual paso del hurac\u00e1n Elsa"}]},{"@type":"WebSite","@id":"https:\/\/intranet.hhm.gob.do\/#website","url":"https:\/\/intranet.hhm.gob.do\/","name":"Intranet","description":"Hospital Pediatrico Dr. Hugo Mendoza","potentialAction":[{"@type":"SearchAction","target":{"@type":"EntryPoint","urlTemplate":"https:\/\/intranet.hhm.gob.do\/?s={search_term_string}"},"query-input":{"@type":"PropertyValueSpecification","valueRequired":true,"valueName":"search_term_string"}}],"inLanguage":"es-ES"}]}},"_links":{"self":[{"href":"https:\/\/intranet.hhm.gob.do\/es\/wp-json\/wp\/v2\/news\/2517","targetHints":{"allow":["GET"]}}],"collection":[{"href":"https:\/\/intranet.hhm.gob.do\/es\/wp-json\/wp\/v2\/news"}],"about":[{"href":"https:\/\/intranet.hhm.gob.do\/es\/wp-json\/wp\/v2\/types\/news"}],"author":[{"embeddable":true,"href":"https:\/\/intranet.hhm.gob.do\/es\/wp-json\/wp\/v2\/users\/1"}],"replies":[{"embeddable":true,"href":"https:\/\/intranet.hhm.gob.do\/es\/wp-json\/wp\/v2\/comments?post=2517"}],"version-history":[{"count":0,"href":"https:\/\/intranet.hhm.gob.do\/es\/wp-json\/wp\/v2\/news\/2517\/revisions"}],"wp:featuredmedia":[{"embeddable":true,"href":"https:\/\/intranet.hhm.gob.do\/es\/wp-json\/wp\/v2\/media\/2461"}],"wp:attachment":[{"href":"https:\/\/intranet.hhm.gob.do\/es\/wp-json\/wp\/v2\/media?parent=2517"}],"wp:term":[{"taxonomy":"post_tag","embeddable":true,"href":"https:\/\/intranet.hhm.gob.do\/es\/wp-json\/wp\/v2\/tags?post=2517"},{"taxonomy":"news-category","embeddable":true,"href":"https:\/\/intranet.hhm.gob.do\/es\/wp-json\/wp\/v2\/news-category?post=2517"}],"curies":[{"name":"wp","href":"https:\/\/api.w.org\/{rel}","templated":true}]}}